{"id":56,"date":"2026-04-22T22:15:47","date_gmt":"2026-04-22T20:15:47","guid":{"rendered":"https:\/\/ficharconmovil.com\/blog\/registro-horario-obligatorio-espana-2\/"},"modified":"2026-04-30T22:31:38","modified_gmt":"2026-04-30T20:31:38","slug":"registro-horario-obligatorio-espana-2","status":"publish","type":"post","link":"https:\/\/ficharconmovil.com\/blog\/registro-horario-obligatorio-espana-2\/","title":{"rendered":"Registro horario obligatorio en Espa\u00f1a: todo lo que debes saber"},"content":{"rendered":"<h2>\u00bfQu\u00e9 es el registro horario?<\/h2>\n<p>El registro horario es el sistema mediante el cual las empresas documentan la jornada laboral de cada trabajador: la hora de entrada, la hora de salida y, en su caso, las interrupciones de la jornada. Su objetivo es garantizar el cumplimiento de los l\u00edmites de jornada establecidos en la normativa y en los convenios colectivos, as\u00ed como proteger los derechos de los trabajadores frente a posibles abusos en materia de horas extra.<\/p>\n<h2>La obligatoriedad legal: Real Decreto-ley 8\/2019<\/h2>\n<p>Desde el 12 de mayo de 2019, el registro horario es obligatorio para todas las empresas en Espa\u00f1a. As\u00ed lo establece el <strong>Real Decreto-ley 8\/2019, de 8 de marzo, de medidas urgentes de protecci\u00f3n social y de lucha contra la precariedad laboral en la jornada de trabajo<\/strong>, que modific\u00f3 el art\u00edculo 34 del Estatuto de los Trabajadores.<\/p>\n<div style=\"background:linear-gradient(135deg,#0f172a 0%,#1e3a8a 100%);border-radius:14px;padding:2rem 1.5rem;margin:2.5rem 0;text-align:center\">\n<p style=\"color:#93c5fd;font-size:0.8rem;font-weight:700;text-transform:uppercase;letter-spacing:0.1em;margin:0 0 0.5rem\">FicharConMovil en acci&#243;n<\/p>\n<p style=\"color:#ffffff;font-size:1.25rem;font-weight:800;margin:0 0 0.4rem\">Control horario desde el m&#243;vil, as&#237; de f&#225;cil<\/p>\n<p style=\"color:#94a3b8;font-size:0.9rem;margin:0 0 1.2rem\">Mira c&#243;mo los empleados fichan en segundos desde cualquier dispositivo, sin instalar nada.<\/p>\n<div style=\"border-radius:10px;overflow:hidden;position:relative;box-shadow:0 15px 40px rgba(0,0,0,0.5)\"><video autoplay muted loop playsinline style=\"width:100%;display:block\"><source src=\"https:\/\/ficharconmovil.com\/assets\/videos\/ficharconmovil%20promo%20mini.mp4\" type=\"video\/mp4\"><\/video><button onclick=\"var v=this.parentNode.querySelector('video');v.muted=!v.muted;this.textContent=v.muted?'Activar sonido':'Silenciar'\" style=\"position:absolute;bottom:10px;right:10px;background:rgba(0,0,0,.65);color:#fff;border:0;border-radius:50px;padding:.35rem .9rem;font-size:.78rem;font-weight:600;cursor:pointer\">Activar sonido<\/button><\/div>\n<p style=\"margin:1.5rem 0 0\"><a href=\"https:\/\/ficharconmovil.com\/#contacto\" style=\"display:inline-block;background:#ffffff;color:#1e3a8a;padding:.7rem 1.75rem;border-radius:8px;font-weight:700;text-decoration:none;font-size:.9rem\">Solicita tu demo de 30 d&#237;as gratis<\/a><\/p>\n<\/div>\n<p>La norma obliga a las empresas a garantizar el registro diario de la jornada, incluyendo el horario concreto de inicio y finalizaci\u00f3n de la jornada de cada trabajador. Adem\u00e1s, establece que los registros deber\u00e1n conservarse durante <strong>cuatro a\u00f1os<\/strong> y estar a disposici\u00f3n de los trabajadores, sus representantes legales y la Inspecci\u00f3n de Trabajo y Seguridad Social.<\/p>\n<h2>\u00bfQui\u00e9n debe cumplirlo?<\/h2>\n<p>La obligaci\u00f3n de registro horario afecta a <strong>todas las empresas<\/strong>, independientemente de su tama\u00f1o, sector o n\u00famero de empleados. Esto incluye:<\/p>\n<ul>\n<li>Pymes y microempresas con un solo trabajador contratado.<\/li>\n<li>Trabajadores a tiempo parcial (donde el registro ya era obligatorio antes de 2019).<\/li>\n<li>Trabajadores con jornada reducida o flexible.<\/li>\n<li>Empleados en teletrabajo o trabajo en remoto.<\/li>\n<li>Personal con contratos temporales o de duraci\u00f3n determinada.<\/li>\n<\/ul>\n<p>Solo quedan fuera del \u00e1mbito de aplicaci\u00f3n general algunos colectivos con normativa espec\u00edfica, como los trabajadores aut\u00f3nomos o los altos directivos que hayan pactado condiciones particulares.<\/p>\n<h2>\u00bfC\u00f3mo implementar el registro horario?<\/h2>\n<p>La ley no impone un m\u00e9todo concreto para realizar el registro, lo que da cierta flexibilidad a las empresas. Sin embargo, el sistema elegido debe ser <strong>fiable, organizado y accesible<\/strong>. Las opciones m\u00e1s habituales son:<\/p>\n<ul>\n<li><strong>Registro en papel:<\/strong> la f\u00f3rmula m\u00e1s tradicional, pero tambi\u00e9n la m\u00e1s propensa a errores, p\u00e9rdidas y manipulaciones.<\/li>\n<li><strong>Hojas de c\u00e1lculo o Excel:<\/strong> sencillos de usar, pero dif\u00edciles de gestionar cuando hay muchos empleados o plantillas distribuidas en diferentes ubicaciones.<\/li>\n<li><strong>Software de control horario:<\/strong> la soluci\u00f3n m\u00e1s eficiente y recomendada. Automatiza el proceso, genera informes y garantiza la conservaci\u00f3n de los datos durante el plazo legal.<\/li>\n<li><strong>Fichaje desde el m\u00f3vil:<\/strong> especialmente \u00fatil para empresas con empleados en remoto, comerciales o trabajadores desplazados. Permite registrar la jornada desde cualquier lugar con total precisi\u00f3n.<\/li>\n<\/ul>\n<p>Sea cual sea el sistema elegido, es importante que los registros reflejen la realidad de la jornada y que todos los trabajadores tengan acceso a sus propios datos.<\/p>\n<h2>Consecuencias del incumplimiento<\/h2>\n<p>No llevar un registro horario correcto, o no conservarlo durante el plazo establecido, puede acarrear sanciones econ\u00f3micas importantes. Seg\u00fan la <strong>Ley de Infracciones y Sanciones en el Orden Social (LISOS)<\/strong>, las infracciones en materia de jornada y registro horario se clasifican como:<\/p>\n<ul>\n<li><strong>Infracciones leves:<\/strong> multas de entre 60 y 625 euros.<\/li>\n<li><strong>Infracciones graves:<\/strong> multas de entre 626 y 6.250 euros.<\/li>\n<li><strong>Infracciones muy graves:<\/strong> multas de entre 6.251 y 187.515 euros.<\/li>\n<\/ul>\n<p>Adem\u00e1s de las sanciones econ\u00f3micas, una empresa sin registro horario en regla puede enfrentarse a reclamaciones por parte de los trabajadores en caso de disputa sobre las horas trabajadas o las horas extra realizadas. En esos casos, la carga de la prueba recae sobre el empresario.<\/p>\n<h2>Conclusi\u00f3n<\/h2>\n<p>El registro horario obligatorio no es solo una imposici\u00f3n legal: es una herramienta que, bien implementada, aporta transparencia, orden y seguridad tanto a la empresa como a sus empleados. Contar con un sistema digital que automatice este proceso reduce la carga administrativa y minimiza el riesgo de errores o sanciones.<\/p>\n<p>Si tu empresa todav\u00eda gestiona el control horario con papel o Excel, puede que sea el momento de dar el salto a una soluci\u00f3n m\u00e1s moderna. En <a href=\"https:\/\/ficharconmovil.com\">FicharConMovil<\/a> encontrar\u00e1s una herramienta sencilla y accesible para cumplir con la normativa desde cualquier dispositivo, sin complicaciones.<\/p>\n","protected":false},"excerpt":{"rendered":"<p>\u00bfQu\u00e9 es el registro horario? El registro horario es el sistema mediante el cual las empresas documentan la jornada laboral de cada trabajador: la hora de entrada, la hora de salida y, en su caso, las interrupciones de la jornada. Su objetivo es garantizar el cumplimiento de los l\u00edmites de jornada establecidos en la normativa [&hellip;]<\/p>\n","protected":false},"author":1,"featured_media":65,"comment_status":"closed","ping_status":"closed","sticky":false,"template":"","format":"standard","meta":{"footnotes":""},"categories":[4],"tags":[],"class_list":["post-56","post","type-post","status-publish","format-standard","has-post-thumbnail","hentry","category-normativa-laboral"],"blocksy_meta":[],"_links":{"self":[{"href":"https:\/\/ficharconmovil.com\/blog\/wp-json\/wp\/v2\/posts\/56","targetHints":{"allow":["GET"]}}],"collection":[{"href":"https:\/\/ficharconmovil.com\/blog\/wp-json\/wp\/v2\/posts"}],"about":[{"href":"https:\/\/ficharconmovil.com\/blog\/wp-json\/wp\/v2\/types\/post"}],"author":[{"embeddable":true,"href":"https:\/\/ficharconmovil.com\/blog\/wp-json\/wp\/v2\/users\/1"}],"replies":[{"embeddable":true,"href":"https:\/\/ficharconmovil.com\/blog\/wp-json\/wp\/v2\/comments?post=56"}],"version-history":[{"count":3,"href":"https:\/\/ficharconmovil.com\/blog\/wp-json\/wp\/v2\/posts\/56\/revisions"}],"predecessor-version":[{"id":133,"href":"https:\/\/ficharconmovil.com\/blog\/wp-json\/wp\/v2\/posts\/56\/revisions\/133"}],"wp:featuredmedia":[{"embeddable":true,"href":"https:\/\/ficharconmovil.com\/blog\/wp-json\/wp\/v2\/media\/65"}],"wp:attachment":[{"href":"https:\/\/ficharconmovil.com\/blog\/wp-json\/wp\/v2\/media?parent=56"}],"wp:term":[{"taxonomy":"category","embeddable":true,"href":"https:\/\/ficharconmovil.com\/blog\/wp-json\/wp\/v2\/categories?post=56"},{"taxonomy":"post_tag","embeddable":true,"href":"https:\/\/ficharconmovil.com\/blog\/wp-json\/wp\/v2\/tags?post=56"}],"curies":[{"name":"wp","href":"https:\/\/api.w.org\/{rel}","templated":true}]}}